{"id":8358,"date":"2022-09-30T10:56:06","date_gmt":"2022-09-30T10:56:06","guid":{"rendered":"https:\/\/www.spanishfoodguide.com\/non-classifiee\/recette-de-titaina-aux-anchois-marines\/"},"modified":"2026-03-28T14:23:26","modified_gmt":"2026-03-28T14:23:26","slug":"recette-de-titaina-aux-anchois-marines","status":"publish","type":"post","link":"https:\/\/www.spanishfoodguide.com\/fr\/recettes-espagnoles\/recette-de-titaina-aux-anchois-marines\/","title":{"rendered":"Recette de Titaina aux anchois marin\u00e9s"},"content":{"rendered":"\n<p><strong><span style=\"color:#ff6600\" class=\"has-inline-color\">\u00ab\u00a0Titaina avec anchois marin\u00e9s, ail noir et pousses de coriandre\u00a0\u00bb est une recette traditionnelle du quartier maritime d&rsquo;El Cabanyal \u00e0 Valence, en Espagne.  <\/span><\/strong><\/p>\n\n<p>Javier Andr\u00e9s Salvador est le directeur gastronomique de Grupo La Sucursal. La Sucursal a \u00e9t\u00e9 reconnue comme le meilleur restaurant d&rsquo;Espagne par le magazine Gourmets.<\/p>\n\n<p>Il partage avec nous sa recette \u00ab\u00a0Titaina avec anchois marin\u00e9s, ail noir et pousses de coriandre\u00a0\u00bb.<\/p>\n\n<figure class=\"wp-block-image size-large\"><img loading=\"lazy\" decoding=\"async\" width=\"750\" height=\"427\" src=\"https:\/\/www.spanishfoodguide.com\/wp-content\/uploads\/2020\/08\/Titaina-La-Maritima-Grupo-La-Sucursal-1.jpg\" alt=\"Receta Titaina con Boquer&#xF3;n Marindado\" class=\"wp-image-1316\" title=\"\" srcset=\"https:\/\/www.spanishfoodguide.com\/wp-content\/uploads\/2020\/08\/Titaina-La-Maritima-Grupo-La-Sucursal-1.jpg 750w, https:\/\/www.spanishfoodguide.com\/wp-content\/uploads\/2020\/08\/Titaina-La-Maritima-Grupo-La-Sucursal-1-300x171.jpg 300w\" sizes=\"auto, (max-width: 750px) 100vw, 750px\" \/><\/figure>\n<div class=\"wp-block-group quick-answer is-layout-flow wp-block-group-is-layout-flow\" style=\"border-left-color:#65b32e;border-left-width:4px;padding-top:1rem;padding-right:1.5rem;padding-bottom:1rem;padding-left:1.5rem\">\n<p style=\"font-style:normal;font-weight:700\">&#x26a1; R\u00e9ponse Rapide<\/p>\n\n\n\n<p>Cet article explore <strong>Recette de Titaina aux anchois marin\u00e9s<\/strong> et offre un aper\u00e7u de la culture gastronomique espagnole, des traditions et des exp\u00e9riences culinaires authentiques.<\/p>\n<\/div>\n\n\n\n<div id=\"ez-toc-container\" class=\"ez-toc-v2_0_82_2 counter-hierarchy ez-toc-counter ez-toc-grey ez-toc-container-direction\">\n<div class=\"ez-toc-title-container\">\n<p class=\"ez-toc-title\" style=\"cursor:inherit\">Table of Contents<\/p>\n<span class=\"ez-toc-title-toggle\"><a href=\"#\" class=\"ez-toc-pull-right ez-toc-btn ez-toc-btn-xs ez-toc-btn-default ez-toc-toggle\" aria-label=\"Toggle Table of Content\"><span class=\"ez-toc-js-icon-con\"><span class=\"\"><span class=\"eztoc-hide\" style=\"display:none;\">Toggle<\/span><span class=\"ez-toc-icon-toggle-span\"><svg style=\"fill: #999;color:#999\" xmlns=\"http:\/\/www.w3.org\/2000\/svg\" class=\"list-377408\" width=\"20px\" height=\"20px\" viewBox=\"0 0 24 24\" fill=\"none\"><path d=\"M6 6H4v2h2V6zm14 0H8v2h12V6zM4 11h2v2H4v-2zm16 0H8v2h12v-2zM4 16h2v2H4v-2zm16 0H8v2h12v-2z\" fill=\"currentColor\"><\/path><\/svg><svg style=\"fill: #999;color:#999\" class=\"arrow-unsorted-368013\" xmlns=\"http:\/\/www.w3.org\/2000\/svg\" width=\"10px\" height=\"10px\" viewBox=\"0 0 24 24\" version=\"1.2\" baseProfile=\"tiny\"><path d=\"M18.2 9.3l-6.2-6.3-6.2 6.3c-.2.2-.3.4-.3.7s.1.5.3.7c.2.2.4.3.7.3h11c.3 0 .5-.1.7-.3.2-.2.3-.5.3-.7s-.1-.5-.3-.7zM5.8 14.7l6.2 6.3 6.2-6.3c.2-.2.3-.5.3-.7s-.1-.5-.3-.7c-.2-.2-.4-.3-.7-.3h-11c-.3 0-.5.1-.7.3-.2.2-.3.5-.3.7s.1.5.3.7z\"\/><\/svg><\/span><\/span><\/span><\/a><\/span><\/div>\n<nav><ul class='ez-toc-list ez-toc-list-level-1 eztoc-toggle-hide-by-default' ><li class='ez-toc-page-1 ez-toc-heading-level-2'><a class=\"ez-toc-link ez-toc-heading-1\" href=\"https:\/\/www.spanishfoodguide.com\/fr\/recettes-espagnoles\/recette-de-titaina-aux-anchois-marines\/#Titaina_avec_anchois_marines_ail_noir_et_pousses_de_coriandre_Recipe\" >Titaina avec anchois marin\u00e9s, ail noir et pousses de coriandre Recipe<\/a><\/li><li class='ez-toc-page-1 ez-toc-heading-level-2'><a class=\"ez-toc-link ez-toc-heading-2\" href=\"https:\/\/www.spanishfoodguide.com\/fr\/recettes-espagnoles\/recette-de-titaina-aux-anchois-marines\/#Titaina_with_Marinated_Anchovy_Black_Garlic_and_Cilantro_Sprouts_Recipe\" >Titaina with Marinated Anchovy, Black Garlic, and Cilantro Sprouts Recipe<\/a><ul class='ez-toc-list-level-3' ><li class='ez-toc-heading-level-3'><a class=\"ez-toc-link ez-toc-heading-3\" href=\"https:\/\/www.spanishfoodguide.com\/fr\/recettes-espagnoles\/recette-de-titaina-aux-anchois-marines\/#Ingredients\" >Ingredients<\/a><\/li><li class='ez-toc-page-1 ez-toc-heading-level-3'><a class=\"ez-toc-link ez-toc-heading-4\" href=\"https:\/\/www.spanishfoodguide.com\/fr\/recettes-espagnoles\/recette-de-titaina-aux-anchois-marines\/#Instructions\" >Instructions<\/a><\/li><li class='ez-toc-page-1 ez-toc-heading-level-3'><a class=\"ez-toc-link ez-toc-heading-5\" href=\"https:\/\/www.spanishfoodguide.com\/fr\/recettes-espagnoles\/recette-de-titaina-aux-anchois-marines\/#Did_you_make_this_recipe\" >Did you make this recipe?<\/a><\/li><\/ul><\/li><li class='ez-toc-page-1 ez-toc-heading-level-2'><a class=\"ez-toc-link ez-toc-heading-6\" href=\"https:\/\/www.spanishfoodguide.com\/fr\/recettes-espagnoles\/recette-de-titaina-aux-anchois-marines\/#Restaurante_La_Maritima\" >Restaurante La Mar\u00edtima<\/a><\/li><\/ul><\/nav><\/div>\n<h2 class=\"has-text-align-center wp-block-heading\"><span class=\"ez-toc-section\" id=\"Titaina_avec_anchois_marines_ail_noir_et_pousses_de_coriandre_Recipe\"><\/span>Titaina avec anchois marin\u00e9s, ail noir et pousses de coriandre Recipe<span class=\"ez-toc-section-end\"><\/span><\/h2>\n\t<section id=\"mv-creation-77\" class=\"mv-create-card mv-create-card-77 mv-recipe-card mv-create-card-style-square mv-no-js mv-create-center-cards mv-create-has-uppercase mv-create-has-image \" style=\"position: relative;\">\n\t\t\n\t\t<div class=\"mv-create-wrapper\">\n\n\t\t\t\n\t\t\t<header class=\"mv-create-header\">\n\t\t\t\t<div class=\"mv-create-title-wrap\">\n\n\t\t\t<span class=\"mv-create-yield mv-create-uppercase\">Yield: 4<\/span>\n\t\n\t\t\t<h2 class=\"mv-create-title mv-create-title-primary\"><span class=\"ez-toc-section\" id=\"Titaina_with_Marinated_Anchovy_Black_Garlic_and_Cilantro_Sprouts_Recipe\"><\/span>Titaina with Marinated Anchovy, Black Garlic, and Cilantro Sprouts Recipe<span class=\"ez-toc-section-end\"><\/span><\/h2>\n\t<\/div>\n<div class=\"mv-pinterest-btn mv-pinterest-btn-right\" data-mv-pinterest-desc=\"Titaina%20with%20Marinated%20Anchovy%2C%20Black%20Garlic%2C%20and%20Cilantro%20Sprouts%20Recipe\" data-mv-pinterest-img-src=\"https%3A%2F%2Fwww.spanishfoodguide.com%2Fwp-content%2Fuploads%2F2020%2F08%2FTitaina-La-Maritima-Grupo-La-Sucursal-2.jpg\" data-mv-pinterest-url=\"https%3A%2F%2Fwww.spanishfoodguide.com%2Ffr%2Frecettes-espagnoles%2Frecette-de-titaina-aux-anchois-marines%2F\"><\/div>\n<div class=\"mv-create-image-container\">\n\n\t<img loading=\"lazy\" decoding=\"async\" src=\"https:\/\/www.spanishfoodguide.com\/wp-content\/uploads\/2020\/08\/Titaina-La-Maritima-Grupo-La-Sucursal-2-735x490.jpg\" class=\"mv-create-image no_pin ggnoads\" data-pin-nopin=\"true\" data-pin-description=\"\" alt=\"Titaina La Maritima Grupo La Sucursal 2\" width=\"735\" height=\"490\" srcset=\"https:\/\/www.spanishfoodguide.com\/wp-content\/uploads\/2020\/08\/Titaina-La-Maritima-Grupo-La-Sucursal-2-735x490.jpg 735w, https:\/\/www.spanishfoodguide.com\/wp-content\/uploads\/2020\/08\/Titaina-La-Maritima-Grupo-La-Sucursal-2-300x200.jpg 300w, https:\/\/www.spanishfoodguide.com\/wp-content\/uploads\/2020\/08\/Titaina-La-Maritima-Grupo-La-Sucursal-2-75x50.jpg 75w, https:\/\/www.spanishfoodguide.com\/wp-content\/uploads\/2020\/08\/Titaina-La-Maritima-Grupo-La-Sucursal-2.jpg 750w\" sizes=\"auto, (max-width: 735px) 100vw, 735px\" data-pin-media=\"https:\/\/www.spanishfoodguide.com\/wp-content\/uploads\/2020\/08\/Titaina-La-Maritima-Grupo-La-Sucursal-2.jpg\" title=\"\">\t<div id=\"mv-create-77\" class=\"mv-create-reviews\" data-mv-create-id=\"77\" data-mv-create-rating=\"5\" data-mv-create-total-ratings=\"4\" data-mv-rest-url=\"https:\/\/www.spanishfoodguide.com\/fr\/wp-json\/\"><\/div>\n\t<!-- This is a button so it inherits theme styles -->\n\t<form class=\"mv-create-print-form\" method=\"get\" target=\"_blank\" action=\"https:\/\/www.spanishfoodguide.com\/fr\/wp-json\/mv-create\/v1\/creations\/77\/print\"><button class=\"mv-create-button mv-create-print-button\" data-mv-print=\"https:\/\/www.spanishfoodguide.com\/fr\/wp-json\/mv-create\/v1\/creations\/77\/print\">Print<\/button><\/form>\n\n<\/div>\n\t\t<div class=\"mv-create-description\">\n\t\t\t<p>This is a traditional recipe from the maritime district of El Cabanyal in Valencia, Spain.<\/p>\n\t\t<\/div>\n\t\t\t\t<\/header>\n\n\t\t\t\n<div class=\"mv-create-times mv-create-times-3\">\n\n\t\t\t<div class=\"mv-create-time mv-create-time-prep\">\n\t\t\t<strong class=\"mv-create-time-label mv-create-uppercase mv-create-strong\">Prep Time<\/strong>\n\t\t\t<span class=\"mv-create-time-format\"><span class=\"mv-time-part mv-time-minutes\">30 minutes<\/span> <\/span>\n\t\t<\/div>\n\t\t\t<div class=\"mv-create-time mv-create-time-active\">\n\t\t\t<strong class=\"mv-create-time-label mv-create-uppercase mv-create-strong\">Cook Time<\/strong>\n\t\t\t<span class=\"mv-create-time-format\"><span class=\"mv-time-part mv-time-minutes\">10 minutes<\/span> <\/span>\n\t\t<\/div>\n\t\t\t<div class=\"mv-create-time mv-create-time-total\">\n\t\t\t<strong class=\"mv-create-time-label mv-create-uppercase mv-create-strong\">Total Time<\/strong>\n\t\t\t<span class=\"mv-create-time-format\"><span class=\"mv-time-part mv-time-minutes\">40 minutes<\/span> <\/span>\n\t\t<\/div>\n\t\n<\/div>\n<div class=\"mv-create-target mv-create-primary-unit\"><div class=\"mv_slot_target\" data-slot=\"recipe\"><\/div><\/div>\t<div class=\"mv-create-ingredients\">\n\t\t<h3 class=\"mv-create-ingredients-title mv-create-title-secondary\"><span class=\"ez-toc-section\" id=\"Ingredients\"><\/span>Ingredients<span class=\"ez-toc-section-end\"><\/span><\/h3>\n\n\t\t\t\t\t\t\t\t<div class=\"mv-create-ingredient-group\" data-ingredient-group=\"0\">\n\t\t\t\t\t\t\t\t<ul class=\"mv-create-ingredient-list\">\n\t\t\t\t\t\t\t\t\t\t\t<li data-ingredient-index=\"0\" data-ingredient-id=\"3422\">\n\t\t\t\t\t\t\t1 red bell pepper\t\t\t\t\t\t<\/li>\n\t\t\t\t\t\t\t\t\t\t\t\t<li data-ingredient-index=\"1\" data-ingredient-id=\"3423\">\n\t\t\t\t\t\t\t1 green bell pepper\t\t\t\t\t\t<\/li>\n\t\t\t\t\t\t\t\t\t\t\t\t<li data-ingredient-index=\"2\" data-ingredient-id=\"3424\">\n\t\t\t\t\t\t\t20g ground pine nuts\t\t\t\t\t\t<\/li>\n\t\t\t\t\t\t\t\t\t\t\t\t<li data-ingredient-index=\"3\" data-ingredient-id=\"3425\">\n\t\t\t\t\t\t\t1 tablespoon of brown sugar\t\t\t\t\t\t<\/li>\n\t\t\t\t\t\t\t\t\t\t\t\t<li data-ingredient-index=\"4\" data-ingredient-id=\"3426\">\n\t\t\t\t\t\t\t350g of anchovy\t\t\t\t\t\t<\/li>\n\t\t\t\t\t\t\t\t\t\t\t\t<li data-ingredient-index=\"5\" data-ingredient-id=\"3427\">\n\t\t\t\t\t\t\tOlive oil\t\t\t\t\t\t<\/li>\n\t\t\t\t\t\t\t\t\t\t\t\t<li data-ingredient-index=\"6\" data-ingredient-id=\"3428\">\n\t\t\t\t\t\t\tSalt\t\t\t\t\t\t<\/li>\n\t\t\t\t\t\t\t\t\t\t\t\t<li data-ingredient-index=\"7\" data-ingredient-id=\"3429\">\n\t\t\t\t\t\t\tPepper\t\t\t\t\t\t<\/li>\n\t\t\t\t\t\t\t\t\t\t<\/ul>\n\t\t\t<\/div>\n\t\t\t\t<\/div>\n\t\t<div class=\"mv-create-hands-free\"><\/div>\n\t\t<div class=\"mv-create-instructions mv-create-instructions-slot-v2\">\n\t\t<h3 class=\"mv-create-instructions-title mv-create-title-secondary\"><span class=\"ez-toc-section\" id=\"Instructions\"><\/span>Instructions<span class=\"ez-toc-section-end\"><\/span><\/h3>\n\t\t<ol><ol><ol><li data-step-index=\"0\" id=\"mv_create_77_1\"><strong>Titaina<\/strong>: Cut the peppers in brunoise, and confit over low heat with the pine nuts and cane sugar.<\/li><li data-step-index=\"1\" id=\"mv_create_77_2\"><strong>Anchovies<\/strong>: Remove the spines and clean the anchovies, reserving the thorns. Put them in a vacuum bag with two tablespoons of olive oil and add a point of salt. Confit at low temperature.<\/li><li data-step-index=\"2\" id=\"mv_create_77_3\"><strong>Presentation<\/strong>: Place the titaina in a linear way in an elongated plate covering the anchovies. Once the black garlic is laminated, we will put a sheet on top of each anchovy and finish with coriander sprouts.<\/li><\/ol><\/ol><\/ol>\t<\/div>\n\t<div class=\"mv-create-social\">\n\t\t<a href=\"https:\/\/instagram.com\/spanishfoodguide\" title=\"Instagram: spanishfoodguide\" class=\"mv-create-social-link\" target=\"_blank\" rel=\"noreferrer noopener\"><div class=\"mv-create-social-icon mv-create-social-icon-instagram\">\n\t<svg xmlns=\"http:\/\/www.w3.org\/2000\/svg\" viewBox=\"0 0 26 26\" width=\"26px\" height=\"26px\" class=\"svg svg-instagram\">\n\t\t<path d=\"M 7.546875 0 C 3.390625 0 0 3.390625 0 7.546875 L 0 18.453125 C 0 22.609375 3.390625 26 7.546875 26 L 18.453125 26 C 22.609375 26 26 22.609375 26 18.453125 L 26 7.546875 C 26 3.390625 22.609375 0 18.453125 0 Z M 7.546875 2 L 18.453125 2 C 21.527344 2 24 4.46875 24 7.546875 L 24 18.453125 C 24 21.527344 21.53125 24 18.453125 24 L 7.546875 24 C 4.472656 24 2 21.53125 2 18.453125 L 2 7.546875 C 2 4.472656 4.46875 2 7.546875 2 Z M 20.5 4 C 19.671875 4 19 4.671875 19 5.5 C 19 6.328125 19.671875 7 20.5 7 C 21.328125 7 22 6.328125 22 5.5 C 22 4.671875 21.328125 4 20.5 4 Z M 13 6 C 9.144531 6 6 9.144531 6 13 C 6 16.855469 9.144531 20 13 20 C 16.855469 20 20 16.855469 20 13 C 20 9.144531 16.855469 6 13 6 Z M 13 8 C 15.773438 8 18 10.226563 18 13 C 18 15.773438 15.773438 18 13 18 C 10.226563 18 8 15.773438 8 13 C 8 10.226563 10.226563 8 13 8 Z \" \/>\n\t<\/svg>\n<\/div>\n<\/a>\t\t<div class=\"mv-create-social-content\">\n\t\t\t<h3 class=\"mv-create-social-title mv-create-title-secondary\"><span class=\"ez-toc-section\" id=\"Did_you_make_this_recipe\"><\/span>Did you make this recipe?<span class=\"ez-toc-section-end\"><\/span><\/h3>\n\t\t\t<p class=\"mv-create-social-body\">Publish a photo on instagram and tag @spanishfoodguide<\/p>\n\t\t<\/div>\n\t<\/div>\n\n\t\t<\/div>\n\n\t\t<footer class=\"mv-create-footer\">\n\t\t\t\n<div class=\"mv-create-footer-flexbox\">\n\n\t\t\t<div class=\"mv-create-copy\">&copy; Tim Kroeger<\/div>\t\n\t<div class=\"mv-create-categories\">\n\n\t\t\t\t\t<span class=\"mv-create-cuisine\">\n\t\t\t\t<strong class=\"mv-create-uppercase mv-create-strong\">\n\t\t\t\t\tCuisine:\n\t\t\t\t<\/strong>\n\t\t\t\tSpanish Cuisine\t\t\t<\/span>\n\t\t\t\t\t\t\t<span class=\"mv-create-spacer\">\/<\/span>\n\t\t\t\t\t\n\t\t\t\t\t<span class=\"mv-create-category\"><strong class=\"mv-create-uppercase mv-create-strong\">Category:<\/strong> Fruits de mer espagnols<\/span>\n\t\t\n\t<\/div>\n\n\t<img loading=\"lazy\" decoding=\"async\" src=\"https:\/\/www.spanishfoodguide.com\/wp-content\/uploads\/2020\/08\/Titaina-La-Maritima-Grupo-La-Sucursal-2-735x490.jpg\" alt=\"\" data-pin-description=\"\" class=\"mv-create-pinterest no_pin ggnoads\" width=\"735\" height=\"490\" srcset=\"https:\/\/www.spanishfoodguide.com\/wp-content\/uploads\/2020\/08\/Titaina-La-Maritima-Grupo-La-Sucursal-2-735x490.jpg 735w, https:\/\/www.spanishfoodguide.com\/wp-content\/uploads\/2020\/08\/Titaina-La-Maritima-Grupo-La-Sucursal-2-300x200.jpg 300w, https:\/\/www.spanishfoodguide.com\/wp-content\/uploads\/2020\/08\/Titaina-La-Maritima-Grupo-La-Sucursal-2-75x50.jpg 75w, https:\/\/www.spanishfoodguide.com\/wp-content\/uploads\/2020\/08\/Titaina-La-Maritima-Grupo-La-Sucursal-2.jpg 750w\" sizes=\"auto, (max-width: 735px) 100vw, 735px\" data-pin-media=\"https:\/\/www.spanishfoodguide.com\/wp-content\/uploads\/2020\/08\/Titaina-La-Maritima-Grupo-La-Sucursal-2.jpg\" title=\"\">\n<\/div>\n\t\t<\/footer>\n\n\t\t\n\t\t\t\t<div class=\"mv-create-checklists\" data-creation-id=\"77\"><\/div>\n\t\t\n\t<\/section>\n\n\t\n<h2 class=\"has-text-align-center wp-block-heading\"><span class=\"ez-toc-section\" id=\"Restaurante_La_Maritima\"><\/span>Restaurante La Mar\u00edtima<span class=\"ez-toc-section-end\"><\/span><\/h2>\n\n<figure class=\"wp-block-image size-large\"><img loading=\"lazy\" decoding=\"async\" width=\"750\" height=\"617\" src=\"https:\/\/www.spanishfoodguide.com\/wp-content\/uploads\/2020\/08\/Veles-Valencia-Spanish-food-2.jpg\" alt=\"Veles Valencia nourriture espagnole 2\" class=\"wp-image-1322\" title=\"\" srcset=\"https:\/\/www.spanishfoodguide.com\/wp-content\/uploads\/2020\/08\/Veles-Valencia-Spanish-food-2.jpg 750w, https:\/\/www.spanishfoodguide.com\/wp-content\/uploads\/2020\/08\/Veles-Valencia-Spanish-food-2-300x247.jpg 300w\" sizes=\"auto, (max-width: 750px) 100vw, 750px\" \/><\/figure>\n<p><em>Le <a href=\"https:\/\/grupolasucursal.com\/restaurantes\/restaurante-la-maritima\/#reservamaritima\" target=\"_blank\" aria-label=\"restaurant La Mar&#xED;tima (opens in a new tab)\" rel=\"noreferrer noopener nofollow\" class=\"rank-math-link\">restaurant La Mar\u00edtima<\/a> est situ\u00e9 dans le b\u00e2timent embl\u00e9matique de David Chipperfield, Veles e Vents Valencia : Il propose un large \u00e9ventail de riz, de poissons et de viandes grill\u00e9es. Pour leur gastronomie, ils ne travaillent qu&rsquo;avec des l\u00e9gumes cultiv\u00e9s dans la Huerta Valenciana, des viandes nourries biologiquement et des poissons et fruits de mer de la poissonnerie.<\/em><\/p>\n\n<p>La <em>d\u00e9coration int\u00e9rieure s&rsquo;inspire du paysage traditionnel de la Huerta valencienne et de la M\u00e9diterran\u00e9e<\/em> et de la lumi\u00e8re chaude des c\u00f4tes. Les grandes fen\u00eatres qui courent le long du quai permettent aux h\u00f4tes<em> d&rsquo;observer l&rsquo;entr\u00e9e et la sortie des voiliers, des bateaux de p\u00eache et toute l&rsquo;activit\u00e9 nautique de la Marina de Valence.<\/em><\/p>\n\n<figure class=\"wp-block-image size-large\"><img loading=\"lazy\" decoding=\"async\" width=\"750\" height=\"463\" src=\"https:\/\/www.spanishfoodguide.com\/wp-content\/uploads\/2020\/08\/Veles-Valencia-Spanish-food-15.jpg\" alt=\"Veles Valencia nourriture espagnole 2\" class=\"wp-image-1328\" title=\"\" srcset=\"https:\/\/www.spanishfoodguide.com\/wp-content\/uploads\/2020\/08\/Veles-Valencia-Spanish-food-15.jpg 750w, https:\/\/www.spanishfoodguide.com\/wp-content\/uploads\/2020\/08\/Veles-Valencia-Spanish-food-15-300x185.jpg 300w\" sizes=\"auto, (max-width: 750px) 100vw, 750px\" \/><\/figure>\n<p><\/p>\n","protected":false},"excerpt":{"rendered":"<p>\u00ab\u00a0Titaina avec anchois marin\u00e9s, ail noir et pousses de coriandre\u00a0\u00bb est une recette traditionnelle du quartier maritime d&rsquo;El Cabanyal \u00e0&#8230;<\/p>\n","protected":false},"author":1,"featured_media":7763,"comment_status":"open","ping_status":"closed","sticky":false,"template":"","format":"standard","meta":{"_acf_changed":false,"disable-jtr":false,"_kad_post_transparent":"","_kad_post_title":"","_kad_post_layout":"","_kad_post_sidebar_id":"","_kad_post_content_style":"","_kad_post_vertical_padding":"","_kad_post_feature":"","_kad_post_feature_position":"","_kad_post_header":false,"_kad_post_footer":false,"_kad_post_classname":"","footnotes":""},"categories":[134,125],"tags":[],"class_list":["post-8358","post","type-post","status-publish","format-standard","has-post-thumbnail","hentry","category-fruits-de-mer-espagnols","category-recettes-espagnoles"],"acf":[],"mv":{"thumbnail_id":7763,"thumbnail_uri":"https:\/\/www.spanishfoodguide.com\/wp-content\/uploads\/2020\/08\/Titaina-La-Maritima-Grupo-La-Sucursal-1-300x171.jpg"},"_links":{"self":[{"href":"https:\/\/www.spanishfoodguide.com\/fr\/wp-json\/wp\/v2\/posts\/8358","targetHints":{"allow":["GET"]}}],"collection":[{"href":"https:\/\/www.spanishfoodguide.com\/fr\/wp-json\/wp\/v2\/posts"}],"about":[{"href":"https:\/\/www.spanishfoodguide.com\/fr\/wp-json\/wp\/v2\/types\/post"}],"author":[{"embeddable":true,"href":"https:\/\/www.spanishfoodguide.com\/fr\/wp-json\/wp\/v2\/users\/1"}],"replies":[{"embeddable":true,"href":"https:\/\/www.spanishfoodguide.com\/fr\/wp-json\/wp\/v2\/comments?post=8358"}],"version-history":[{"count":2,"href":"https:\/\/www.spanishfoodguide.com\/fr\/wp-json\/wp\/v2\/posts\/8358\/revisions"}],"predecessor-version":[{"id":11413,"href":"https:\/\/www.spanishfoodguide.com\/fr\/wp-json\/wp\/v2\/posts\/8358\/revisions\/11413"}],"wp:featuredmedia":[{"embeddable":true,"href":"https:\/\/www.spanishfoodguide.com\/fr\/wp-json\/wp\/v2\/media\/7763"}],"wp:attachment":[{"href":"https:\/\/www.spanishfoodguide.com\/fr\/wp-json\/wp\/v2\/media?parent=8358"}],"wp:term":[{"taxonomy":"category","embeddable":true,"href":"https:\/\/www.spanishfoodguide.com\/fr\/wp-json\/wp\/v2\/categories?post=8358"},{"taxonomy":"post_tag","embeddable":true,"href":"https:\/\/www.spanishfoodguide.com\/fr\/wp-json\/wp\/v2\/tags?post=8358"}],"curies":[{"name":"wp","href":"https:\/\/api.w.org\/{rel}","templated":true}]}}